{"id":145,"date":"2024-07-25T12:21:19","date_gmt":"2024-07-25T10:21:19","guid":{"rendered":"https:\/\/target-conseil.com\/?p=145"},"modified":"2026-04-14T04:07:16","modified_gmt":"2026-04-14T02:07:16","slug":"notre-maison-brule-la-caledonie-et-la-france-regarde-ailleurs","status":"publish","type":"post","link":"https:\/\/target-conseil.com\/notre-maison-brule-la-caledonie-et-la-france-regarde-ailleurs\/","title":{"rendered":"Crise en Nouvelle-Cal\u00e9donie &#8211; Episode #1 &#8211; Notre maison br\u00fble (la Cal\u00e9donie), et la France regarde ailleurs"},"content":{"rendered":"\t\t<div data-elementor-type=\"wp-post\" data-elementor-id=\"145\" class=\"elementor elementor-145\">\n\t\t\t\t<div class=\"elementor-element elementor-element-7a967258 e-flex e-con-boxed e-con e-parent\" data-id=\"7a967258\" data-element_type=\"container\" data-e-type=\"container\">\n\t\t\t\t\t<div class=\"e-con-inner\">\n\t\t\t\t<div class=\"elementor-element elementor-element-67cb8619 elementor-widget elementor-widget-text-editor\" data-id=\"67cb8619\" data-element_type=\"widget\" data-e-type=\"widget\" data-widget_type=\"text-editor.default\">\n\t\t\t\t\t\t\t\t\t\n<p>R\u00e9sum\u00e9 de l&#8217;article :<\/p>\n\n\n\n<h2 class=\"wp-block-heading\">Crise en Nouvelle-Cal\u00e9donie, un effondrement annonc\u00e9. <\/h2>\n\n\n\n<h3 class=\"wp-block-heading\">Retrouvez le feuilleton de l&#8217;\u00e9t\u00e9 : Les feux de Cal\u00e9donie. L&#8217;histoire qui se d\u00e9roule \u00e0 22.000 km de Paris dans l&#8217;indiff\u00e9rence g\u00e9n\u00e9rale. <\/h3>\n\n\n\n<p>La Nouvelle-Cal\u00e9donie traverse une crise profonde. Les habitants et les entrepreneurs se sentent abandonn\u00e9s face \u00e0 l&#8217;ins\u00e9curit\u00e9, aux destructions mat\u00e9rielles et \u00e0 une \u00e9conomie en ruine. Les forces de l&#8217;ordre peinent \u00e0 maintenir la paix, et l&#8217;ampleur de la d\u00e9tresse psychologique est alarmante. Ce t\u00e9moignage met en lumi\u00e8re la r\u00e9alit\u00e9 d&#8217;un territoire fran\u00e7ais en crise, o\u00f9 les \u00e9meutes et les violences plongent les citoyens dans une situation d\u00e9sesp\u00e9r\u00e9e.<\/p>\n\n\n\n<iframe src=\"https:\/\/www.linkedin.com\/embed\/feed\/update\/urn:li:ugcPost:7213861701933228032\" height=\"584\" width=\"504\" frameborder=\"0\" allowfullscreen=\"\" title=\"Post int\u00e9gr\u00e9\"><\/iframe>\n\t\t\t\t\t\t\t\t<\/div>\n\t\t\t\t\t<\/div>\n\t\t\t\t<\/div>\n\t\t\t\t<\/div>\n\t\t","protected":false},"excerpt":{"rendered":"<p>R\u00e9sum\u00e9 de l&#8217;article : Crise en Nouvelle-Cal\u00e9donie, un effondrement annonc\u00e9. Retrouvez le feuilleton de l&#8217;\u00e9t\u00e9 : Les feux de Cal\u00e9donie. L&#8217;histoire qui se d\u00e9roule \u00e0 22.000 km de Paris dans l&#8217;indiff\u00e9rence g\u00e9n\u00e9rale. La Nouvelle-Cal\u00e9donie traverse une crise profonde. Les habitants et les entrepreneurs se sentent abandonn\u00e9s face \u00e0 l&#8217;ins\u00e9curit\u00e9, aux destructions mat\u00e9rielles et \u00e0 une [&hellip;]<\/p>\n","protected":false},"author":1,"featured_media":161,"comment_status":"open","ping_status":"open","sticky":false,"template":"","format":"standard","meta":{"_seopress_robots_primary_cat":"none","_seopress_titles_title":"Notre maison br\u00fble (la Cal\u00e9donie), et la France regarde ailleurs","_seopress_titles_desc":"Nouvelle-Cal\u00e9donie en crise : ins\u00e9curit\u00e9, destructions, \u00e9conomie en ruine. Habitants et entrepreneurs abandonn\u00e9s, d\u00e9tresse psychologique alarmante, forces de l'ordre d\u00e9pass\u00e9es.","_seopress_robots_index":"","footnotes":""},"categories":[21],"tags":[12,15,7,20,16,8,10,11,14,17,13,6,9,18,19],"class_list":["post-145","post","type-post","status-publish","format-standard","has-post-thumbnail","hentry","category-societe-et-politique","tag-abandon","tag-conflit","tag-crise-economique","tag-defaillance-des-services-publics","tag-desastre-materiel","tag-detresse-psychologique","tag-emeutes","tag-entrepreneurs","tag-france","tag-impact-social","tag-inegalites","tag-nouvelle-caledonie","tag-securite","tag-situation-durgence","tag-solidarite-locale"],"_links":{"self":[{"href":"https:\/\/target-conseil.com\/wp-json\/wp\/v2\/posts\/145","targetHints":{"allow":["GET"]}}],"collection":[{"href":"https:\/\/target-conseil.com\/wp-json\/wp\/v2\/posts"}],"about":[{"href":"https:\/\/target-conseil.com\/wp-json\/wp\/v2\/types\/post"}],"author":[{"embeddable":true,"href":"https:\/\/target-conseil.com\/wp-json\/wp\/v2\/users\/1"}],"replies":[{"embeddable":true,"href":"https:\/\/target-conseil.com\/wp-json\/wp\/v2\/comments?post=145"}],"version-history":[{"count":10,"href":"https:\/\/target-conseil.com\/wp-json\/wp\/v2\/posts\/145\/revisions"}],"predecessor-version":[{"id":1335,"href":"https:\/\/target-conseil.com\/wp-json\/wp\/v2\/posts\/145\/revisions\/1335"}],"wp:featuredmedia":[{"embeddable":true,"href":"https:\/\/target-conseil.com\/wp-json\/wp\/v2\/media\/161"}],"wp:attachment":[{"href":"https:\/\/target-conseil.com\/wp-json\/wp\/v2\/media?parent=145"}],"wp:term":[{"taxonomy":"category","embeddable":true,"href":"https:\/\/target-conseil.com\/wp-json\/wp\/v2\/categories?post=145"},{"taxonomy":"post_tag","embeddable":true,"href":"https:\/\/target-conseil.com\/wp-json\/wp\/v2\/tags?post=145"}],"curies":[{"name":"wp","href":"https:\/\/api.w.org\/{rel}","templated":true}]}}